{"id":26777,"date":"2026-09-04T15:47:35","date_gmt":"2026-09-04T13:47:35","guid":{"rendered":"https:\/\/johanneum-lueneburg.de\/wordpress\/?p=26777"},"modified":"2026-09-04T15:48:44","modified_gmt":"2026-09-04T13:48:44","slug":"fuer-den-4-johanneum-cup-anmelden","status":"publish","type":"post","link":"https:\/\/johanneum-lueneburg.de\/wordpress\/2026\/09\/04\/fuer-den-4-johanneum-cup-anmelden\/","title":{"rendered":"F\u00fcr den 4. Johanneum-Cup anmelden!"},"content":{"rendered":"<h4><span style=\"color: #333333;\">Am 19. Februar 2027 (Freitag) veranstalten wir als Gymnasium Johanneum in Kooperation mit dem JFV L\u00fcneburg mit dem <strong>4. Johanneum-Cup<\/strong> ein Fu\u00dfballturnier, das sich speziell an die 4. Klassen der Grundschulen richtet und einmalig in L\u00fcneburg ist! Wir suchen die beste L\u00fcneburger Fu\u00dfballgrundschule!<\/span><\/h4>\n<p>&nbsp;<\/p>\n<p><a ref=\"magnificPopup\" href=\"https:\/\/johanneum-lueneburg.de\/wordpress\/wp-content\/uploads\/2026\/09\/Weiss-Rot-Archiv-BildungGeschichte-Poster-3.jpg\"><img loading=\"lazy\" decoding=\"async\" class=\"alignnone wp-image-26778\" src=\"https:\/\/johanneum-lueneburg.de\/wordpress\/wp-content\/uploads\/2026\/09\/Weiss-Rot-Archiv-BildungGeschichte-Poster-3-212x300.jpg\" alt=\"\" width=\"367\" height=\"519\" srcset=\"https:\/\/johanneum-lueneburg.de\/wordpress\/wp-content\/uploads\/2026\/09\/Weiss-Rot-Archiv-BildungGeschichte-Poster-3-212x300.jpg 212w, https:\/\/johanneum-lueneburg.de\/wordpress\/wp-content\/uploads\/2026\/09\/Weiss-Rot-Archiv-BildungGeschichte-Poster-3-724x1024.jpg 724w, https:\/\/johanneum-lueneburg.de\/wordpress\/wp-content\/uploads\/2026\/09\/Weiss-Rot-Archiv-BildungGeschichte-Poster-3-283x400.jpg 283w, https:\/\/johanneum-lueneburg.de\/wordpress\/wp-content\/uploads\/2026\/09\/Weiss-Rot-Archiv-BildungGeschichte-Poster-3-82x116.jpg 82w, https:\/\/johanneum-lueneburg.de\/wordpress\/wp-content\/uploads\/2026\/09\/Weiss-Rot-Archiv-BildungGeschichte-Poster-3.jpg 1587w\" sizes=\"auto, (max-width: 367px) 100vw, 367px\" \/><\/a><\/p>\n<p><strong>Alle Informationen finden Sie auf:<\/strong> <a href=\"https:\/\/www.johanneum-cup.de\" target=\"_blank\" rel=\"noopener\">https:\/\/www.johanneum-cup.de<\/a><\/p>\n<p><strong>So lief unser 3. Johanneum-Cup:<\/strong><\/p>\n<blockquote class=\"wp-embedded-content\" data-secret=\"QGrHpR6tzS\"><p><a href=\"https:\/\/johanneum-lueneburg.de\/wordpress\/2026\/02\/25\/hackentor-entscheidet-gs-luene-gewinnt-den-3-johanneum-cup\/\">Hackentor entscheidet: GS L\u00fcne gewinnt den 3. Johanneum-Cup<\/a><\/p><\/blockquote>\n<p><iframe loading=\"lazy\" class=\"wp-embedded-content\" sandbox=\"allow-scripts\" security=\"restricted\" style=\"position: absolute; visibility: hidden;\" title=\"\u201eHackentor entscheidet: GS L\u00fcne gewinnt den 3. Johanneum-Cup\u201c \u2013 Gymnasium Johanneum L\u00fcneburg\" src=\"https:\/\/johanneum-lueneburg.de\/wordpress\/2026\/02\/25\/hackentor-entscheidet-gs-luene-gewinnt-den-3-johanneum-cup\/embed\/#?secret=PEKpW122Pi#?secret=QGrHpR6tzS\" data-secret=\"QGrHpR6tzS\" width=\"600\" height=\"338\" frameborder=\"0\" marginwidth=\"0\" marginheight=\"0\" scrolling=\"no\"><\/iframe><\/p>\n","protected":false},"excerpt":{"rendered":"<p>Am 19. Februar 2027 (Freitag) veranstalten wir als Gymnasium Johanneum in Kooperation mit dem JFV L\u00fcneburg mit dem 4. Johanneum-Cup ein Fu\u00dfballturnier, das sich speziell an die 4. Klassen der Grundschulen richtet und einmalig in L\u00fcneburg ist! Wir suchen die beste L\u00fcneburger Fu\u00dfballgrundschule! &nbsp; Alle Informationen finden Sie auf: https:\/\/www.johanneum-cup.de So lief unser 3. Johanneum-Cup:&#8230;<\/p>\n","protected":false},"author":5,"featured_media":25010,"comment_status":"closed","ping_status":"closed","sticky":false,"template":"","format":"standard","meta":{"footnotes":""},"categories":[1,14],"tags":[],"class_list":["post-26777","post","type-post","status-publish","format-standard","has-post-thumbnail","hentry","category-allgemein","category-nachrichten"],"_links":{"self":[{"href":"https:\/\/johanneum-lueneburg.de\/wordpress\/wp-json\/wp\/v2\/posts\/26777","targetHints":{"allow":["GET"]}}],"collection":[{"href":"https:\/\/johanneum-lueneburg.de\/wordpress\/wp-json\/wp\/v2\/posts"}],"about":[{"href":"https:\/\/johanneum-lueneburg.de\/wordpress\/wp-json\/wp\/v2\/types\/post"}],"author":[{"embeddable":true,"href":"https:\/\/johanneum-lueneburg.de\/wordpress\/wp-json\/wp\/v2\/users\/5"}],"replies":[{"embeddable":true,"href":"https:\/\/johanneum-lueneburg.de\/wordpress\/wp-json\/wp\/v2\/comments?post=26777"}],"version-history":[{"count":2,"href":"https:\/\/johanneum-lueneburg.de\/wordpress\/wp-json\/wp\/v2\/posts\/26777\/revisions"}],"predecessor-version":[{"id":26780,"href":"https:\/\/johanneum-lueneburg.de\/wordpress\/wp-json\/wp\/v2\/posts\/26777\/revisions\/26780"}],"wp:featuredmedia":[{"embeddable":true,"href":"https:\/\/johanneum-lueneburg.de\/wordpress\/wp-json\/wp\/v2\/media\/25010"}],"wp:attachment":[{"href":"https:\/\/johanneum-lueneburg.de\/wordpress\/wp-json\/wp\/v2\/media?parent=26777"}],"wp:term":[{"taxonomy":"category","embeddable":true,"href":"https:\/\/johanneum-lueneburg.de\/wordpress\/wp-json\/wp\/v2\/categories?post=26777"},{"taxonomy":"post_tag","embeddable":true,"href":"https:\/\/johanneum-lueneburg.de\/wordpress\/wp-json\/wp\/v2\/tags?post=26777"}],"curies":[{"name":"wp","href":"https:\/\/api.w.org\/{rel}","templated":true}]}}