{"id":26069,"date":"2026-04-24T10:35:23","date_gmt":"2026-04-24T08:35:23","guid":{"rendered":"https:\/\/johanneum-lueneburg.de\/wordpress\/?p=26069"},"modified":"2026-04-27T10:35:32","modified_gmt":"2026-04-27T08:35:32","slug":"ein-kuenstlerischer-blick-auf-den-zukunftstag-fotoreportagen-als-kreative-reflexion-2","status":"publish","type":"post","link":"https:\/\/johanneum-lueneburg.de\/wordpress\/2026\/04\/24\/ein-kuenstlerischer-blick-auf-den-zukunftstag-fotoreportagen-als-kreative-reflexion-2\/","title":{"rendered":"Ein k\u00fcnstlerischer Blick auf den Zukunftstag: Fotoreportagen als kreative Reflexion"},"content":{"rendered":"<div class=\"flex-1 overflow-hidden\">\n<div class=\"react-scroll-to-bottom--css-qlala-79elbk h-full\">\n<div class=\"flex-1 overflow-hidden\">\n<div class=\"react-scroll-to-bottom--css-vdwdn-79elbk h-full\">\n<div class=\"react-scroll-to-bottom--css-vdwdn-1n7m0yu\">\n<div class=\"flex flex-col pb-9 text-sm\">\n<div class=\"w-full text-token-text-primary\" data-testid=\"conversation-turn-3\">\n<div class=\"px-4 py-2 justify-center text-base md:gap-6 m-auto\">\n<div class=\"flex flex-1 text-base mx-auto gap-3 md:px-5 lg:px-1 xl:px-5 md:max-w-3xl lg:max-w-[40rem] xl:max-w-[48rem] group final-completion\">\n<div class=\"relative flex w-full flex-col agent-turn\">\n<div class=\"flex-col gap-1 md:gap-3\">\n<div class=\"flex flex-grow flex-col max-w-full\">\n<div class=\"min-h-[20px] text-message flex flex-col items-start gap-3 whitespace-pre-wrap break-words [.text-message+&amp;]:mt-5 overflow-x-auto\" data-message-author-role=\"assistant\" data-message-id=\"0b80f722-dcc5-47ee-9b11-889fcc8c00b3\">\n<div class=\"markdown prose w-full break-words dark:prose-invert light\">\n<p class=\"\" data-start=\"256\" data-end=\"732\">Im Rahmen eines Kunstprojekts hatten die Sch\u00fcler*innen des 7. Jahrgangs die M\u00f6glichkeit, ihre Eindr\u00fccke vom Zukunftstag in einer fotografischen Reportage k\u00fcnstlerisch zu verarbeiten. Ziel war es, pers\u00f6nliche Erfahrungen visuell festzuhalten und auf kreative Weise zu interpretieren. Begleitet und unterst\u00fctzt wurden sie dabei von den Kunstlehrkr\u00e4ften. Der Projekttag erstreckte sich \u00fcber den gesamten Schultag und bot Raum f\u00fcr vertiefte Reflexion und individuelles Gestalten.<\/p>\n<p class=\"\" data-start=\"734\" data-end=\"1258\">Bereits w\u00e4hrend des Zukunftstags sammelten die Sch\u00fcler*innen fotografisches Material, das sie am Projekttag weiterverarbeiten konnten. In den Kunstr\u00e4umen sowie in angrenzenden Klassenr\u00e4umen arbeiteten sie von der ersten bis zur sechsten Stunde weitgehend eigenst\u00e4ndig an ihren iPads \u2013 digitale Werkzeuge, die seit den Osterferien im k\u00fcnftigen Jahrgang 8 verst\u00e4rkt zur Anwendung kommen. Im Zentrum stand die k\u00fcnstlerische Bearbeitung der Fotografien und die Auseinandersetzung mit den beruflichen Einblicken des Zukunftstags.<\/p>\n<p class=\"\" data-start=\"1260\" data-end=\"1620\">Mit gro\u00dfem Engagement entstanden vielf\u00e4ltige Fotoreportagen und Collagen. Die Sch\u00fcler*innen experimentierten mit verschiedenen gestalterischen Mitteln, setzten gezielte Akzente und tauschten sich \u00fcber ihre Herangehensweisen aus. Der gegenseitige Austausch und die gemeinsame kreative Arbeit f\u00fchrten zu beeindruckenden Ergebnissen, die stolz pr\u00e4sentiert wurden.<\/p>\n<p class=\"\" data-start=\"1622\" data-end=\"1940\">Der Projekttag war ein voller Erfolg: Er er\u00f6ffnete den Sch\u00fcler*innen eine besondere Perspektive auf ihre Erlebnisse, f\u00f6rderte ihre gestalterischen F\u00e4higkeiten und weckte in manchen vielleicht sogar ein Interesse an kreativen Berufen. Ein Tag voller Ausdruckskraft, Begegnung und Inspiration \u2013 mit nachhaltiger Wirkung.<\/p>\n<p class=\"\" data-start=\"1942\" data-end=\"2059\">Ein herzlicher Dank gilt der Fachschaft Kunst f\u00fcr die Idee, Organisation und Durchf\u00fchrung dieses gelungenen Projekts!<\/p>\n<\/div>\n<div class=\"markdown prose w-full break-words dark:prose-invert light\">\n<p>&nbsp;<\/p>\n<p><b>Informationen zum Fach Kunst finden sich hier:<\/b><\/p>\n<\/div>\n<blockquote class=\"wp-embedded-content\" data-secret=\"XezEr791eQ\"><p><a href=\"https:\/\/johanneum-lueneburg.de\/wordpress\/kunst\/\">Kunst<\/a><\/p><\/blockquote>\n<p><iframe loading=\"lazy\" class=\"wp-embedded-content\" sandbox=\"allow-scripts\" security=\"restricted\" style=\"position: absolute; visibility: hidden;\" title=\"&#8222;Kunst&#8220; &#8211; Gymnasium Johanneum L\u00fcneburg\" src=\"https:\/\/johanneum-lueneburg.de\/wordpress\/kunst\/embed\/#?secret=teqJg6Z54i#?secret=XezEr791eQ\" data-secret=\"XezEr791eQ\" width=\"600\" height=\"338\" frameborder=\"0\" marginwidth=\"0\" marginheight=\"0\" scrolling=\"no\"><\/iframe><\/p>\n<\/div>\n<\/div>\n<p><b>Informationen zu unserer Berufsorientierung und neue Termine zur Berufsberatung finden sich hier:<\/b><\/p>\n<blockquote class=\"wp-embedded-content\" data-secret=\"cXMPoKPbyt\"><p><a href=\"https:\/\/johanneum-lueneburg.de\/wordpress\/berufsorientierung\/\">Berufsorientierung<\/a><\/p><\/blockquote>\n<p><iframe loading=\"lazy\" class=\"wp-embedded-content\" sandbox=\"allow-scripts\" security=\"restricted\" style=\"position: absolute; visibility: hidden;\" title=\"&#8222;Berufsorientierung&#8220; &#8211; Gymnasium Johanneum L\u00fcneburg\" src=\"https:\/\/johanneum-lueneburg.de\/wordpress\/berufsorientierung\/embed\/#?secret=wngBWjY1AL#?secret=cXMPoKPbyt\" data-secret=\"cXMPoKPbyt\" width=\"600\" height=\"338\" frameborder=\"0\" marginwidth=\"0\" marginheight=\"0\" scrolling=\"no\"><\/iframe><\/p>\n<\/div>\n<div><\/div>\n<div><\/div>\n<\/div>\n<\/div>\n<\/div>\n<div class=\"px-4 py-2 justify-center text-base md:gap-6 m-auto\">\n<div class=\"flex flex-1 text-base mx-auto gap-3 md:px-5 lg:px-1 xl:px-5 md:max-w-3xl lg:max-w-[40rem] xl:max-w-[48rem] group final-completion\">\n<div class=\"relative flex w-full flex-col agent-turn\">\n<div class=\"flex-col gap-1 md:gap-3\">\n<div class=\"flex flex-grow flex-col max-w-full\">\n<div class=\"min-h-[20px] text-message flex flex-col items-start gap-3 whitespace-pre-wrap break-words [.text-message+&amp;]:mt-5 overflow-x-auto\" data-message-author-role=\"assistant\" data-message-id=\"0b80f722-dcc5-47ee-9b11-889fcc8c00b3\">\n<div  id=\"jtg-26070\" class=\"modula modula-gallery modula-columns\" data-config=\"{&quot;tabletHeight&quot;:800,&quot;mobileHeight&quot;:800,&quot;desktopHeight&quot;:800,&quot;enableTwitter&quot;:false,&quot;enableWhatsapp&quot;:false,&quot;enableFacebook&quot;:false,&quot;enablePinterest&quot;:false,&quot;enableLinkedin&quot;:false,&quot;enableEmail&quot;:false,&quot;randomFactor&quot;:0.5,&quot;type&quot;:&quot;grid&quot;,&quot;columns&quot;:12,&quot;gutter&quot;:10,&quot;mobileGutter&quot;:10,&quot;tabletGutter&quot;:10,&quot;desktopGutter&quot;:10,&quot;enableResponsive&quot;:true,&quot;tabletColumns&quot;:2,&quot;mobileColumns&quot;:1,&quot;lazyLoad&quot;:0,&quot;lightboxOpts&quot;:{&quot;animated&quot;:true,&quot;Thumbs&quot;:{&quot;type&quot;:&quot;modern&quot;,&quot;showOnStart&quot;:false},&quot;Toolbar&quot;:{&quot;display&quot;:{&quot;right&quot;:[&quot;close&quot;]},&quot;enabled&quot;:true},&quot;Carousel&quot;:{&quot;Panzoom&quot;:{&quot;touch&quot;:true},&quot;infinite&quot;:false},&quot;keyboard&quot;:{&quot;Escape&quot;:&quot;close&quot;,&quot;Delete&quot;:&quot;close&quot;,&quot;Backspace&quot;:&quot;close&quot;,&quot;PageUp&quot;:false,&quot;PageDown&quot;:false,&quot;ArrowUp&quot;:false,&quot;ArrowDown&quot;:false,&quot;ArrowRight&quot;:false,&quot;ArrowLeft&quot;:false},&quot;touch&quot;:false,&quot;backdropClick&quot;:false,&quot;l10n&quot;:{&quot;CLOSE&quot;:&quot;Schlie\\u00dfen&quot;,&quot;NEXT&quot;:&quot;Weiter&quot;,&quot;PREV&quot;:&quot;Zur\\u00fcck&quot;,&quot;Error&quot;:&quot;Der angeforderte Inhalt kann nicht geladen werden. Bitte versuche es sp\\u00e4ter noch einmal.&quot;,&quot;PLAY_START&quot;:&quot;Slideshow starten&quot;,&quot;PLAY_STOP&quot;:&quot;Slideshow anhalten&quot;,&quot;FULL_SCREEN&quot;:&quot;Vollbild&quot;,&quot;THUMBS&quot;:&quot;Vorschaubilder&quot;,&quot;DOWNLOAD&quot;:&quot;Download&quot;,&quot;SHARE&quot;:&quot;Teilen&quot;,&quot;ZOOM&quot;:&quot;Vergr\\u00f6\\u00dfern&quot;,&quot;EMAIL&quot;:&quot;Hier ist der Link zum Bild: %%image_link%% und hier ist der Link zur Galerie: %%gallery_link%%&quot;,&quot;MODAL&quot;:&quot;Du kannst diesen Modal-Inhalt mit der ESC-Taste schlie\\u00dfen&quot;,&quot;ERROR&quot;:&quot;Es ist ein Fehler aufgetreten. Bitte versuche es sp\\u00e4ter noch einmal&quot;,&quot;IMAGE_ERROR&quot;:&quot;Bild nicht gefunden&quot;,&quot;ELEMENT_NOT_FOUND&quot;:&quot;HTML-Element nicht gefunden&quot;,&quot;AJAX_NOT_FOUND&quot;:&quot;Fehler beim Laden von AJAX: Nicht gefunden&quot;,&quot;AJAX_FORBIDDEN&quot;:&quot;Fehler beim Laden von AJAX: Zugriff verweigert&quot;,&quot;IFRAME_ERROR&quot;:&quot;Fehler beim Laden der Seite&quot;,&quot;TOGGLE_ZOOM&quot;:&quot;Zoomstufe umschalten&quot;,&quot;TOGGLE_THUMBS&quot;:&quot;Miniaturansichten ein-\\\/ausblenden&quot;,&quot;TOGGLE_SLIDESHOW&quot;:&quot;Diashow ein-\\\/ausschalten&quot;,&quot;TOGGLE_FULLSCREEN&quot;:&quot;Vollbildmodus umschalten&quot;},&quot;Images&quot;:{&quot;Panzoom&quot;:{&quot;maxScale&quot;:2}},&quot;mainClass&quot;:&quot;modula-fancybox-container modula-lightbox-jtg-26070&quot;,&quot;Html&quot;:{&quot;videoAutoplay&quot;:0,&quot;videoTpl&quot;:&quot;&lt;video class=\\&quot;fancybox__html5video\\&quot; controls muted playsinline controlsList controlsList=\\&quot;nodownload\\&quot; poster=\\&quot;{{poster}}\\&quot; src=\\&quot;{{src}}\\&quot; type=\\&quot;{{format}}\\&quot; &gt;  Sorry, your browser doesn&#039;t support embedded videos, &lt;a href=\\&quot;{{src}}\\&quot;&gt; download &lt;\\\/a&gt; and watch with your favorite video player! &lt;\\\/video&gt;&quot;}},&quot;inView&quot;:false,&quot;email_subject&quot;:&quot;Schau dir dieses tolle Bild an!!&quot;,&quot;email_message&quot;:&quot;Hier ist der Link zum Bild : %%image_link%% und hier ist der Link zur Galerie : %%gallery_link%%&quot;,&quot;grid_type&quot;:&quot;automatic&quot;,&quot;rowHeight&quot;:250,&quot;lastRow&quot;:&quot;justify&quot;,&quot;lightbox&quot;:&quot;fancybox&quot;}\">\n\n\t\n\t<div  class=\"modula-items grid-gallery\">\n\t\t<div class=\"modula-item effect-pufrobo\" >\n\t<div class=\"modula-item-overlay\"><\/div>\n\n\t<div class=\"modula-item-content\">\n\n\t\t<a data-image-id=\"26071\" role=\"button\" tabindex=\"0\" rel=\"jtg-26070\" data-caption=\"\" aria-label=\"Bilder in Lightbox \u00f6ffnen\" class=\"tile-inner modula-item-link\"><\/a><img loading=\"lazy\" decoding=\"async\" class=\"pic wp-image-26071\"  data-valign=\"middle\" data-halign=\"center\" alt=\"\" data-full=\"https:\/\/johanneum-lueneburg.de\/wordpress\/wp-content\/uploads\/2026\/04\/PXL_20260424_104616642.PORTRAIT.jpg\" title=\"PXL_20260424_104616642.PORTRAIT\" crop=\"\" width=\"169\" height=\"300\" src=\"https:\/\/johanneum-lueneburg.de\/wordpress\/wp-content\/uploads\/2026\/04\/PXL_20260424_104616642.PORTRAIT-169x300.jpg\" data-src=\"https:\/\/johanneum-lueneburg.de\/wordpress\/wp-content\/uploads\/2026\/04\/PXL_20260424_104616642.PORTRAIT-169x300.jpg\" data-caption=\"\" srcset=\"https:\/\/johanneum-lueneburg.de\/wordpress\/wp-content\/uploads\/2026\/04\/PXL_20260424_104616642.PORTRAIT-scaled.jpg 1440w, https:\/\/johanneum-lueneburg.de\/wordpress\/wp-content\/uploads\/2026\/04\/PXL_20260424_104616642.PORTRAIT-scaled-169x300.jpg 169w, https:\/\/johanneum-lueneburg.de\/wordpress\/wp-content\/uploads\/2026\/04\/PXL_20260424_104616642.PORTRAIT-576x1024.jpg 576w, https:\/\/johanneum-lueneburg.de\/wordpress\/wp-content\/uploads\/2026\/04\/PXL_20260424_104616642.PORTRAIT-225x400.jpg 225w, https:\/\/johanneum-lueneburg.de\/wordpress\/wp-content\/uploads\/2026\/04\/PXL_20260424_104616642.PORTRAIT-65x116.jpg 65w\" sizes=\"auto, (max-width: 169px) 100vw, 169px\" \/>\n\t\t<div class=\"figc no-description\">\n\t\t\t<div class=\"figc-inner\">\n\t\t\t\t\t\t\t\t\t\t\t\t\t\t\t<\/div>\n\t\t<\/div>\n\n\t<\/div>\n\n<\/div><div class=\"modula-item effect-pufrobo\" >\n\t<div class=\"modula-item-overlay\"><\/div>\n\n\t<div class=\"modula-item-content\">\n\n\t\t<a data-image-id=\"26072\" role=\"button\" tabindex=\"0\" rel=\"jtg-26070\" data-caption=\"\" aria-label=\"Bilder in Lightbox \u00f6ffnen\" class=\"tile-inner modula-item-link\"><\/a><img loading=\"lazy\" decoding=\"async\" class=\"pic wp-image-26072\"  data-valign=\"middle\" data-halign=\"center\" alt=\"\" data-full=\"https:\/\/johanneum-lueneburg.de\/wordpress\/wp-content\/uploads\/2026\/04\/PXL_20260424_104320356.PORTRAIT.jpg\" title=\"PXL_20260424_104320356.PORTRAIT\" crop=\"\" width=\"169\" height=\"300\" src=\"https:\/\/johanneum-lueneburg.de\/wordpress\/wp-content\/uploads\/2026\/04\/PXL_20260424_104320356.PORTRAIT-169x300.jpg\" data-src=\"https:\/\/johanneum-lueneburg.de\/wordpress\/wp-content\/uploads\/2026\/04\/PXL_20260424_104320356.PORTRAIT-169x300.jpg\" data-caption=\"\" srcset=\"https:\/\/johanneum-lueneburg.de\/wordpress\/wp-content\/uploads\/2026\/04\/PXL_20260424_104320356.PORTRAIT-scaled.jpg 1440w, https:\/\/johanneum-lueneburg.de\/wordpress\/wp-content\/uploads\/2026\/04\/PXL_20260424_104320356.PORTRAIT-scaled-169x300.jpg 169w, https:\/\/johanneum-lueneburg.de\/wordpress\/wp-content\/uploads\/2026\/04\/PXL_20260424_104320356.PORTRAIT-576x1024.jpg 576w, https:\/\/johanneum-lueneburg.de\/wordpress\/wp-content\/uploads\/2026\/04\/PXL_20260424_104320356.PORTRAIT-225x400.jpg 225w, https:\/\/johanneum-lueneburg.de\/wordpress\/wp-content\/uploads\/2026\/04\/PXL_20260424_104320356.PORTRAIT-65x116.jpg 65w\" sizes=\"auto, (max-width: 169px) 100vw, 169px\" \/>\n\t\t<div class=\"figc no-description\">\n\t\t\t<div class=\"figc-inner\">\n\t\t\t\t\t\t\t\t\t\t\t\t\t\t\t<\/div>\n\t\t<\/div>\n\n\t<\/div>\n\n<\/div><div class=\"modula-item effect-pufrobo\" >\n\t<div class=\"modula-item-overlay\"><\/div>\n\n\t<div class=\"modula-item-content\">\n\n\t\t<a data-image-id=\"26073\" role=\"button\" tabindex=\"0\" rel=\"jtg-26070\" data-caption=\"\" aria-label=\"Bilder in Lightbox \u00f6ffnen\" class=\"tile-inner modula-item-link\"><\/a><img loading=\"lazy\" decoding=\"async\" class=\"pic wp-image-26073\"  data-valign=\"middle\" data-halign=\"center\" alt=\"\" data-full=\"https:\/\/johanneum-lueneburg.de\/wordpress\/wp-content\/uploads\/2026\/04\/PXL_20260424_104418238.jpg\" title=\"PXL_20260424_104418238\" crop=\"\" width=\"300\" height=\"169\" src=\"https:\/\/johanneum-lueneburg.de\/wordpress\/wp-content\/uploads\/2026\/04\/PXL_20260424_104418238-300x169.jpg\" data-src=\"https:\/\/johanneum-lueneburg.de\/wordpress\/wp-content\/uploads\/2026\/04\/PXL_20260424_104418238-300x169.jpg\" data-caption=\"\" srcset=\"https:\/\/johanneum-lueneburg.de\/wordpress\/wp-content\/uploads\/2026\/04\/PXL_20260424_104418238-scaled.jpg 2560w, https:\/\/johanneum-lueneburg.de\/wordpress\/wp-content\/uploads\/2026\/04\/PXL_20260424_104418238-scaled-300x169.jpg 300w, https:\/\/johanneum-lueneburg.de\/wordpress\/wp-content\/uploads\/2026\/04\/PXL_20260424_104418238-1024x576.jpg 1024w, https:\/\/johanneum-lueneburg.de\/wordpress\/wp-content\/uploads\/2026\/04\/PXL_20260424_104418238-600x338.jpg 600w, https:\/\/johanneum-lueneburg.de\/wordpress\/wp-content\/uploads\/2026\/04\/PXL_20260424_104418238-206x116.jpg 206w\" sizes=\"auto, (max-width: 300px) 100vw, 300px\" \/>\n\t\t<div class=\"figc no-description\">\n\t\t\t<div class=\"figc-inner\">\n\t\t\t\t\t\t\t\t\t\t\t\t\t\t\t<\/div>\n\t\t<\/div>\n\n\t<\/div>\n\n<\/div><div class=\"modula-item effect-pufrobo\" >\n\t<div class=\"modula-item-overlay\"><\/div>\n\n\t<div class=\"modula-item-content\">\n\n\t\t<a data-image-id=\"26074\" role=\"button\" tabindex=\"0\" rel=\"jtg-26070\" data-caption=\"\" aria-label=\"Bilder in Lightbox \u00f6ffnen\" class=\"tile-inner modula-item-link\"><\/a><img loading=\"lazy\" decoding=\"async\" class=\"pic wp-image-26074\"  data-valign=\"middle\" data-halign=\"center\" alt=\"\" data-full=\"https:\/\/johanneum-lueneburg.de\/wordpress\/wp-content\/uploads\/2026\/04\/PXL_20260424_104422391.jpg\" title=\"PXL_20260424_104422391\" crop=\"\" width=\"169\" height=\"300\" src=\"https:\/\/johanneum-lueneburg.de\/wordpress\/wp-content\/uploads\/2026\/04\/PXL_20260424_104422391-169x300.jpg\" data-src=\"https:\/\/johanneum-lueneburg.de\/wordpress\/wp-content\/uploads\/2026\/04\/PXL_20260424_104422391-169x300.jpg\" data-caption=\"\" srcset=\"https:\/\/johanneum-lueneburg.de\/wordpress\/wp-content\/uploads\/2026\/04\/PXL_20260424_104422391-scaled.jpg 1440w, https:\/\/johanneum-lueneburg.de\/wordpress\/wp-content\/uploads\/2026\/04\/PXL_20260424_104422391-scaled-169x300.jpg 169w, https:\/\/johanneum-lueneburg.de\/wordpress\/wp-content\/uploads\/2026\/04\/PXL_20260424_104422391-576x1024.jpg 576w, https:\/\/johanneum-lueneburg.de\/wordpress\/wp-content\/uploads\/2026\/04\/PXL_20260424_104422391-225x400.jpg 225w, https:\/\/johanneum-lueneburg.de\/wordpress\/wp-content\/uploads\/2026\/04\/PXL_20260424_104422391-65x116.jpg 65w\" sizes=\"auto, (max-width: 169px) 100vw, 169px\" \/>\n\t\t<div class=\"figc no-description\">\n\t\t\t<div class=\"figc-inner\">\n\t\t\t\t\t\t\t\t\t\t\t\t\t\t\t<\/div>\n\t\t<\/div>\n\n\t<\/div>\n\n<\/div><div class=\"modula-item effect-pufrobo\" >\n\t<div class=\"modula-item-overlay\"><\/div>\n\n\t<div class=\"modula-item-content\">\n\n\t\t<a data-image-id=\"26075\" role=\"button\" tabindex=\"0\" rel=\"jtg-26070\" data-caption=\"\" aria-label=\"Bilder in Lightbox \u00f6ffnen\" class=\"tile-inner modula-item-link\"><\/a><img loading=\"lazy\" decoding=\"async\" class=\"pic wp-image-26075\"  data-valign=\"middle\" data-halign=\"center\" alt=\"\" data-full=\"https:\/\/johanneum-lueneburg.de\/wordpress\/wp-content\/uploads\/2026\/04\/PXL_20260424_104428212.PORTRAIT.jpg\" title=\"PXL_20260424_104428212.PORTRAIT\" crop=\"\" width=\"169\" height=\"300\" src=\"https:\/\/johanneum-lueneburg.de\/wordpress\/wp-content\/uploads\/2026\/04\/PXL_20260424_104428212.PORTRAIT-169x300.jpg\" data-src=\"https:\/\/johanneum-lueneburg.de\/wordpress\/wp-content\/uploads\/2026\/04\/PXL_20260424_104428212.PORTRAIT-169x300.jpg\" data-caption=\"\" srcset=\"https:\/\/johanneum-lueneburg.de\/wordpress\/wp-content\/uploads\/2026\/04\/PXL_20260424_104428212.PORTRAIT-scaled.jpg 1440w, https:\/\/johanneum-lueneburg.de\/wordpress\/wp-content\/uploads\/2026\/04\/PXL_20260424_104428212.PORTRAIT-scaled-169x300.jpg 169w, https:\/\/johanneum-lueneburg.de\/wordpress\/wp-content\/uploads\/2026\/04\/PXL_20260424_104428212.PORTRAIT-576x1024.jpg 576w, https:\/\/johanneum-lueneburg.de\/wordpress\/wp-content\/uploads\/2026\/04\/PXL_20260424_104428212.PORTRAIT-225x400.jpg 225w, https:\/\/johanneum-lueneburg.de\/wordpress\/wp-content\/uploads\/2026\/04\/PXL_20260424_104428212.PORTRAIT-65x116.jpg 65w\" sizes=\"auto, (max-width: 169px) 100vw, 169px\" \/>\n\t\t<div class=\"figc no-description\">\n\t\t\t<div class=\"figc-inner\">\n\t\t\t\t\t\t\t\t\t\t\t\t\t\t\t<\/div>\n\t\t<\/div>\n\n\t<\/div>\n\n<\/div>\t\t\n\t<\/div>\n\n\t\n\t\n\t<script type=\"application\/ld+json\">\n\t{\n\t\t\"@context\": \"http:\/\/schema.org\",\n\t\t\"@type\"   : \"ImageGallery\",\n\t\t\"id\"      : \"https:\/\/johanneum-lueneburg.de\/wordpress\/2026\/04\/24\/ein-kuenstlerischer-blick-auf-den-zukunftstag-fotoreportagen-als-kreative-reflexion-2\/\",\n\t\t\"url\"     : \"https:\/\/johanneum-lueneburg.de\/wordpress\/2026\/04\/24\/ein-kuenstlerischer-blick-auf-den-zukunftstag-fotoreportagen-als-kreative-reflexion-2\/\"\n\t}\n\n\t<\/script>\n\n\t\n<\/div>\n\n<\/div>\n<\/div>\n<\/div>\n<\/div>\n<\/div>\n<\/div>\n<\/div>\n<\/div>\n<\/div>\n<\/div>\n<\/div>\n<\/div>\n<div class=\"react-scroll-to-bottom--css-qlala-79elbk h-full\">\n<div class=\"react-scroll-to-bottom--css-qlala-1n7m0yu\">\n<div class=\"flex flex-col pb-9 text-sm\">\n<div class=\"w-full text-token-text-primary\" data-testid=\"conversation-turn-3\">\n<div class=\"px-4 py-2 justify-center text-base md:gap-6 m-auto\">\n<div class=\"flex flex-1 text-base mx-auto gap-3 md:px-5 lg:px-1 xl:px-5 md:max-w-3xl lg:max-w-[40rem] xl:max-w-[48rem] group final-completion\">\n<div class=\"relative flex w-full flex-col lg:w-[calc(100%-115px)] agent-turn\">\n<div class=\"flex-col gap-1 md:gap-3\">\n<div class=\"flex flex-grow flex-col max-w-full\">\n<div class=\"min-h-[20px] text-message flex flex-col items-start gap-3 whitespace-pre-wrap break-words [.text-message+&amp;]:mt-5 overflow-x-auto\" data-message-author-role=\"assistant\" data-message-id=\"e675c29b-47ed-48eb-ad6e-5f045a65b0a6\">\n<section id=\"c755838\" class=\"c-section \">\n<div class=\"c-section__container-content container-fluid\">\n<div class=\"frame frame-default frame-type-text frame-layout-0\"><\/div>\n<\/div>\n<\/section>\n<p>&nbsp;<\/p>\n<\/div>\n<\/div>\n<\/div>\n<\/div>\n<\/div>\n<\/div>\n<\/div>\n<\/div>\n<\/div>\n<\/div>\n<\/div>\n","protected":false},"excerpt":{"rendered":"<p>Im Rahmen eines Kunstprojekts hatten die Sch\u00fcler*innen des 7. Jahrgangs die M\u00f6glichkeit, ihre Eindr\u00fccke vom Zukunftstag in einer fotografischen Reportage k\u00fcnstlerisch zu verarbeiten. Ziel war es, pers\u00f6nliche Erfahrungen visuell festzuhalten und auf kreative Weise zu interpretieren. Begleitet und unterst\u00fctzt wurden sie dabei von den Kunstlehrkr\u00e4ften. Der Projekttag erstreckte sich \u00fcber den gesamten Schultag und bot&#8230;<\/p>\n","protected":false},"author":5,"featured_media":26073,"comment_status":"closed","ping_status":"closed","sticky":false,"template":"","format":"standard","meta":{"footnotes":""},"categories":[14],"tags":[],"class_list":["post-26069","post","type-post","status-publish","format-standard","has-post-thumbnail","hentry","category-nachrichten"],"_links":{"self":[{"href":"https:\/\/johanneum-lueneburg.de\/wordpress\/wp-json\/wp\/v2\/posts\/26069","targetHints":{"allow":["GET"]}}],"collection":[{"href":"https:\/\/johanneum-lueneburg.de\/wordpress\/wp-json\/wp\/v2\/posts"}],"about":[{"href":"https:\/\/johanneum-lueneburg.de\/wordpress\/wp-json\/wp\/v2\/types\/post"}],"author":[{"embeddable":true,"href":"https:\/\/johanneum-lueneburg.de\/wordpress\/wp-json\/wp\/v2\/users\/5"}],"replies":[{"embeddable":true,"href":"https:\/\/johanneum-lueneburg.de\/wordpress\/wp-json\/wp\/v2\/comments?post=26069"}],"version-history":[{"count":1,"href":"https:\/\/johanneum-lueneburg.de\/wordpress\/wp-json\/wp\/v2\/posts\/26069\/revisions"}],"predecessor-version":[{"id":26076,"href":"https:\/\/johanneum-lueneburg.de\/wordpress\/wp-json\/wp\/v2\/posts\/26069\/revisions\/26076"}],"wp:featuredmedia":[{"embeddable":true,"href":"https:\/\/johanneum-lueneburg.de\/wordpress\/wp-json\/wp\/v2\/media\/26073"}],"wp:attachment":[{"href":"https:\/\/johanneum-lueneburg.de\/wordpress\/wp-json\/wp\/v2\/media?parent=26069"}],"wp:term":[{"taxonomy":"category","embeddable":true,"href":"https:\/\/johanneum-lueneburg.de\/wordpress\/wp-json\/wp\/v2\/categories?post=26069"},{"taxonomy":"post_tag","embeddable":true,"href":"https:\/\/johanneum-lueneburg.de\/wordpress\/wp-json\/wp\/v2\/tags?post=26069"}],"curies":[{"name":"wp","href":"https:\/\/api.w.org\/{rel}","templated":true}]}}