{"id":19722,"date":"2024-06-24T13:41:23","date_gmt":"2024-06-24T11:41:23","guid":{"rendered":"https:\/\/johanneum-lueneburg.de\/wordpress\/?p=19722"},"modified":"2024-08-07T21:47:11","modified_gmt":"2024-08-07T19:47:11","slug":"schoene-sommerferien-wir-sehen-uns-wieder-am-5-august","status":"publish","type":"post","link":"https:\/\/johanneum-lueneburg.de\/wordpress\/2024\/06\/24\/schoene-sommerferien-wir-sehen-uns-wieder-am-5-august\/","title":{"rendered":"Sch\u00f6ne Sommerferien &#8211; wir sehen uns wieder am 5. August!"},"content":{"rendered":"<p>Die Klassenr\u00e4ume sind leergefegt, die Schulb\u00fccher wurden abgegeben, einzelne Tr\u00e4nchen wurden verdr\u00fcckt &#8211; das Schuljahr 2023\/24 ist offiziell vorbei! Wir bedanken uns bei allen Sch\u00fcler*innen, Eltern, Freunden, Kooperationspartnern, Lehrkr\u00e4ften und Mitarbeitenden unserer Schule f\u00fcr ein tolles und spannendes Schuljahr! Wir w\u00fcnschen allen erholsame Sommerferien und freuen uns auf ein Wiedersehen alter und neuer Gesichter am 5. August.<\/p>\n<h3>Ablauf der ersten Schulwoche nach den Sommerferien:<\/h3>\n<p><strong>Montag, 05.08.2024:<\/strong><br \/>\nf\u00fcr Jahrg\u00e4nge 6-13 gilt: Unterricht 1.-4. Std. +\u00a0Unterricht in der 5. + 6. Stunde und am Nachmittag entf\u00e4llt<\/p>\n<p><strong>Details zum Unterricht in Klasse 6-10:<\/strong><br \/>\n1. + 2. Stunde: Stunden mit der Klassenlehrkraft<br \/>\n3. + 4. Std. Fachunterricht nach Plan<\/p>\n<p><strong>Details zum Unterricht in E- und Q-Phase:<\/strong> Unterricht nach Plan sowie Abitur-Info in der Aula bei Herrn F\u00fcgener:<br \/>\n1. + 2. Stunde: Jahrgang 12<br \/>\n3. Stunde: Jahrgang 11<br \/>\n4. Stunde: Jahrgang 13<\/p>\n<p><strong>Dienstag, 06.08.2024:<\/strong><br \/>\nf\u00fcr Jahrg\u00e4nge 6-13 gilt: 1. \u2013 6. Stunde Unterricht nach Plan, kein Unterricht am Nachmittag<\/p>\n<p><strong>Mittwoch, 07.08.2024:<\/strong><br \/>\nf\u00fcr Jahrg\u00e4nge 6-13 gilt: Unterricht nach Plan<\/p>\n<h2><strong>Zur Einschulung am Mittwoch, den 07. August:\uf0b7<\/strong><\/h2>\n<p>09.00 Uhr optional: Einschulungsgottesdienst in St. Stephanus<br \/>\n10.00 Uhr Einschulung Jahrgang 5 auf dem Schulhof vor dem Eingang Ost<br \/>\nca. 12.30 Uhr Ende des Schultags f\u00fcr Jg. 5<\/p>\n<p><strong>Donnerstag, 08.08.2024 \u2013 Mittwoch 14.08.2024:<\/strong><\/p>\n<p>Projekttage Klasse 5<\/p>\n","protected":false},"excerpt":{"rendered":"<p>Die Klassenr\u00e4ume sind leergefegt, die Schulb\u00fccher wurden abgegeben, einzelne Tr\u00e4nchen wurden verdr\u00fcckt &#8211; das Schuljahr 2023\/24 ist offiziell vorbei! Wir bedanken uns bei allen Sch\u00fcler*innen, Eltern, Freunden, Kooperationspartnern, Lehrkr\u00e4ften und Mitarbeitenden unserer Schule f\u00fcr ein tolles und spannendes Schuljahr! Wir w\u00fcnschen allen erholsame Sommerferien und freuen uns auf ein Wiedersehen alter und neuer Gesichter am&#8230;<\/p>\n","protected":false},"author":5,"featured_media":19751,"comment_status":"closed","ping_status":"closed","sticky":false,"template":"","format":"standard","meta":{"footnotes":""},"categories":[14],"tags":[],"class_list":["post-19722","post","type-post","status-publish","format-standard","has-post-thumbnail","hentry","category-nachrichten"],"_links":{"self":[{"href":"https:\/\/johanneum-lueneburg.de\/wordpress\/wp-json\/wp\/v2\/posts\/19722","targetHints":{"allow":["GET"]}}],"collection":[{"href":"https:\/\/johanneum-lueneburg.de\/wordpress\/wp-json\/wp\/v2\/posts"}],"about":[{"href":"https:\/\/johanneum-lueneburg.de\/wordpress\/wp-json\/wp\/v2\/types\/post"}],"author":[{"embeddable":true,"href":"https:\/\/johanneum-lueneburg.de\/wordpress\/wp-json\/wp\/v2\/users\/5"}],"replies":[{"embeddable":true,"href":"https:\/\/johanneum-lueneburg.de\/wordpress\/wp-json\/wp\/v2\/comments?post=19722"}],"version-history":[{"count":3,"href":"https:\/\/johanneum-lueneburg.de\/wordpress\/wp-json\/wp\/v2\/posts\/19722\/revisions"}],"predecessor-version":[{"id":19836,"href":"https:\/\/johanneum-lueneburg.de\/wordpress\/wp-json\/wp\/v2\/posts\/19722\/revisions\/19836"}],"wp:featuredmedia":[{"embeddable":true,"href":"https:\/\/johanneum-lueneburg.de\/wordpress\/wp-json\/wp\/v2\/media\/19751"}],"wp:attachment":[{"href":"https:\/\/johanneum-lueneburg.de\/wordpress\/wp-json\/wp\/v2\/media?parent=19722"}],"wp:term":[{"taxonomy":"category","embeddable":true,"href":"https:\/\/johanneum-lueneburg.de\/wordpress\/wp-json\/wp\/v2\/categories?post=19722"},{"taxonomy":"post_tag","embeddable":true,"href":"https:\/\/johanneum-lueneburg.de\/wordpress\/wp-json\/wp\/v2\/tags?post=19722"}],"curies":[{"name":"wp","href":"https:\/\/api.w.org\/{rel}","templated":true}]}}