{"id":18771,"date":"2024-05-06T08:20:53","date_gmt":"2024-05-06T06:20:53","guid":{"rendered":"https:\/\/johanneum-lueneburg.de\/wordpress\/?p=18771"},"modified":"2024-05-06T08:24:49","modified_gmt":"2024-05-06T06:24:49","slug":"kuenstlerisch-den-zukunftstag-reflektieren","status":"publish","type":"post","link":"https:\/\/johanneum-lueneburg.de\/wordpress\/2024\/05\/06\/kuenstlerisch-den-zukunftstag-reflektieren\/","title":{"rendered":"K\u00fcnstlerisch den Zukunftstag reflektieren"},"content":{"rendered":"<div class=\"flex-1 overflow-hidden\">\n<div class=\"react-scroll-to-bottom--css-qlala-79elbk h-full\">\n<div class=\"flex-1 overflow-hidden\">\n<div class=\"react-scroll-to-bottom--css-vdwdn-79elbk h-full\">\n<div class=\"react-scroll-to-bottom--css-vdwdn-1n7m0yu\">\n<div class=\"flex flex-col pb-9 text-sm\">\n<div class=\"w-full text-token-text-primary\" data-testid=\"conversation-turn-3\">\n<div class=\"px-4 py-2 justify-center text-base md:gap-6 m-auto\">\n<div class=\"flex flex-1 text-base mx-auto gap-3 md:px-5 lg:px-1 xl:px-5 md:max-w-3xl lg:max-w-[40rem] xl:max-w-[48rem] group final-completion\">\n<div class=\"relative flex w-full flex-col agent-turn\">\n<div class=\"flex-col gap-1 md:gap-3\">\n<div class=\"flex flex-grow flex-col max-w-full\">\n<div class=\"min-h-[20px] text-message flex flex-col items-start gap-3 whitespace-pre-wrap break-words [.text-message+&amp;]:mt-5 overflow-x-auto\" data-message-author-role=\"assistant\" data-message-id=\"0b80f722-dcc5-47ee-9b11-889fcc8c00b3\">\n<div class=\"markdown prose w-full break-words dark:prose-invert light\">\n<p>In einem kreativen Kunstprojekt zur Reflexion des Zukunftstags, in Form einer Fotoreportage, wurden die Sch\u00fcler*innen dazu angeregt, ihre Eindr\u00fccke und Erlebnisse visuell festzuhalten und zu interpretieren. Dieses Projekt wurde von den Kunstlehrkr\u00e4ften geleitet und dauerte einen ganzen Tag. Dieser k\u00fcnstlerische Zugang erm\u00f6glicht eine vertiefte Auseinandersetzung mit den gemachten Erfahrungen und tr\u00e4gt zur individuellen Reflexion bei.<\/p>\n<\/div>\n<div class=\"markdown prose w-full break-words dark:prose-invert light\">\n<p>Die Sch\u00fcler*innen hatten die Gelegenheit, w\u00e4hrend des Zukunftstags Fotos zu machen, die sie dann f\u00fcr den Kunst-Projekttag verwenden konnten. Von der ersten bis zur sechsten Stunde tauchten sie in die Welt der Kunst ein, sowohl in den Kunstr\u00e4umen als auch in den Klassenr\u00e4umen des Kunsttrakts. Dabei arbeiteten sie haupts\u00e4chlich eigenst\u00e4ndig mit ihren iPads, die seit den Osterferien f\u00fcr \u00dcbungsphasen f\u00fcr den kommenden 8. Jahrgang eingef\u00fchrt wurden. Das Thema des Tages war die k\u00fcnstlerische Gestaltung von Fotos und die Reflexion ihrer Zukunftstag-Erfahrungen im Hinblick auf ihre berufliche Orientierung.<\/p>\n<p>Die Sch\u00fcler*innen waren aktiv dabei, Fotoreportagen oder -collagen zu erstellen. Kreativ bearbeiteten sie ihre Bilder, um gezielt Akzente zu setzen und ihre Eindr\u00fccke zu betonen. Es war inspirierend zu sehen, wie sie sich gegenseitig anregten, verschiedene Stile ausprobierten und stolz ihre Ergebnisse pr\u00e4sentierten.<\/p>\n<p>Insgesamt war der Kunst-Projekttag ein voller Erfolg. Die Sch\u00fcler*innen hatten die M\u00f6glichkeit, sich auf eine ganz besondere Weise mit ihren Zukunftstag-Erfahrungen auseinanderzusetzen und dabei ihre k\u00fcnstlerischen F\u00e4higkeiten zu entfalten. Es war ein Tag voller Kreativit\u00e4t, Austausch und Inspiration &#8211; und vielleicht auch der erste Schritt auf dem Weg zu einer beruflichen Zukunft in der Welt der Kunst.<\/p>\n<\/div>\n<div class=\"markdown prose w-full break-words dark:prose-invert light\">\n<p>Wir danken der Fachschaft Kunst sehr f\u00fcr die Organisation und Durchf\u00fchrung!<\/p>\n<p>&nbsp;<\/p>\n<p><b>Informationen zum Fach Kunst finden sich hier:<\/b><\/p>\n<\/div>\n<blockquote class=\"wp-embedded-content\" data-secret=\"T4NmJaHwbI\"><p><a href=\"https:\/\/johanneum-lueneburg.de\/wordpress\/kunst\/\">Kunst<\/a><\/p><\/blockquote>\n<p><iframe loading=\"lazy\" class=\"wp-embedded-content\" sandbox=\"allow-scripts\" security=\"restricted\" style=\"position: absolute; clip: rect(1px, 1px, 1px, 1px);\" title=\"&#8222;Kunst&#8220; &#8212; Gymnasium Johanneum L\u00fcneburg\" src=\"https:\/\/johanneum-lueneburg.de\/wordpress\/kunst\/embed\/#?secret=3JHMXOqyWY#?secret=T4NmJaHwbI\" data-secret=\"T4NmJaHwbI\" width=\"600\" height=\"338\" frameborder=\"0\" marginwidth=\"0\" marginheight=\"0\" scrolling=\"no\"><\/iframe><\/p>\n<\/div>\n<\/div>\n<p><b>Informationen zu unserer Berufsorientierung und neue Termine zur Berufsberatung finden sich hier:<\/b><\/p>\n<blockquote class=\"wp-embedded-content\" data-secret=\"h40pTPA3Yg\"><p><a href=\"https:\/\/johanneum-lueneburg.de\/wordpress\/berufsorientierung\/\">Berufsorientierung<\/a><\/p><\/blockquote>\n<p><iframe loading=\"lazy\" class=\"wp-embedded-content\" sandbox=\"allow-scripts\" security=\"restricted\" style=\"position: absolute; clip: rect(1px, 1px, 1px, 1px);\" title=\"&#8222;Berufsorientierung&#8220; &#8212; Gymnasium Johanneum L\u00fcneburg\" src=\"https:\/\/johanneum-lueneburg.de\/wordpress\/berufsorientierung\/embed\/#?secret=F2N1nS6ecd#?secret=h40pTPA3Yg\" data-secret=\"h40pTPA3Yg\" width=\"600\" height=\"338\" frameborder=\"0\" marginwidth=\"0\" marginheight=\"0\" scrolling=\"no\"><\/iframe><\/p>\n<\/div>\n<div><\/div>\n<div><\/div>\n<\/div>\n<\/div>\n<\/div>\n<div class=\"px-4 py-2 justify-center text-base md:gap-6 m-auto\">\n<div class=\"flex flex-1 text-base mx-auto gap-3 md:px-5 lg:px-1 xl:px-5 md:max-w-3xl lg:max-w-[40rem] xl:max-w-[48rem] group final-completion\">\n<div class=\"relative flex w-full flex-col agent-turn\">\n<div class=\"flex-col gap-1 md:gap-3\">\n<div class=\"flex flex-grow flex-col max-w-full\">\n<div class=\"min-h-[20px] text-message flex flex-col items-start gap-3 whitespace-pre-wrap break-words [.text-message+&amp;]:mt-5 overflow-x-auto\" data-message-author-role=\"assistant\" data-message-id=\"0b80f722-dcc5-47ee-9b11-889fcc8c00b3\">\n<div  id=\"jtg-18772\" class=\"modula modula-gallery modula-columns\" data-config=\"{&quot;tabletHeight&quot;:800,&quot;mobileHeight&quot;:800,&quot;desktopHeight&quot;:800,&quot;enableTwitter&quot;:false,&quot;enableWhatsapp&quot;:false,&quot;enableFacebook&quot;:false,&quot;enablePinterest&quot;:false,&quot;enableLinkedin&quot;:false,&quot;enableEmail&quot;:false,&quot;randomFactor&quot;:0.5,&quot;type&quot;:&quot;grid&quot;,&quot;columns&quot;:12,&quot;gutter&quot;:10,&quot;mobileGutter&quot;:10,&quot;tabletGutter&quot;:10,&quot;desktopGutter&quot;:10,&quot;enableResponsive&quot;:&quot;0&quot;,&quot;tabletColumns&quot;:2,&quot;mobileColumns&quot;:1,&quot;lazyLoad&quot;:0,&quot;lightboxOpts&quot;:{&quot;animated&quot;:true,&quot;Thumbs&quot;:{&quot;type&quot;:&quot;modern&quot;,&quot;showOnStart&quot;:false},&quot;Toolbar&quot;:{&quot;display&quot;:{&quot;right&quot;:[&quot;close&quot;]},&quot;enabled&quot;:true},&quot;Carousel&quot;:{&quot;Panzoom&quot;:{&quot;touch&quot;:true},&quot;infinite&quot;:false},&quot;keyboard&quot;:{&quot;Escape&quot;:&quot;close&quot;,&quot;Delete&quot;:&quot;close&quot;,&quot;Backspace&quot;:&quot;close&quot;,&quot;PageUp&quot;:false,&quot;PageDown&quot;:false,&quot;ArrowUp&quot;:false,&quot;ArrowDown&quot;:false,&quot;ArrowRight&quot;:false,&quot;ArrowLeft&quot;:false},&quot;touch&quot;:false,&quot;backdropClick&quot;:false,&quot;l10n&quot;:{&quot;CLOSE&quot;:&quot;Schlie\\u00dfen&quot;,&quot;NEXT&quot;:&quot;Weiter&quot;,&quot;PREV&quot;:&quot;Zur\\u00fcck&quot;,&quot;Error&quot;:&quot;Der angeforderte Inhalt kann nicht geladen werden. Bitte versuche es sp\\u00e4ter noch einmal.&quot;,&quot;PLAY_START&quot;:&quot;Slideshow starten&quot;,&quot;PLAY_STOP&quot;:&quot;Slideshow anhalten&quot;,&quot;FULL_SCREEN&quot;:&quot;Vollbild&quot;,&quot;THUMBS&quot;:&quot;Vorschaubilder&quot;,&quot;DOWNLOAD&quot;:&quot;Download&quot;,&quot;SHARE&quot;:&quot;Teilen&quot;,&quot;ZOOM&quot;:&quot;Vergr\\u00f6\\u00dfern&quot;,&quot;EMAIL&quot;:&quot;Hier ist der Link zum Bild: %%image_link%% und hier ist der Link zur Galerie: %%gallery_link%%&quot;,&quot;MODAL&quot;:&quot;Du kannst diesen Modal-Inhalt mit der ESC-Taste schlie\\u00dfen&quot;,&quot;ERROR&quot;:&quot;Es ist ein Fehler aufgetreten. Bitte versuche es sp\\u00e4ter noch einmal&quot;,&quot;IMAGE_ERROR&quot;:&quot;Bild nicht gefunden&quot;,&quot;ELEMENT_NOT_FOUND&quot;:&quot;HTML-Element nicht gefunden&quot;,&quot;AJAX_NOT_FOUND&quot;:&quot;Fehler beim Laden von AJAX: Nicht gefunden&quot;,&quot;AJAX_FORBIDDEN&quot;:&quot;Fehler beim Laden von AJAX: Zugriff verweigert&quot;,&quot;IFRAME_ERROR&quot;:&quot;Fehler beim Laden der Seite&quot;,&quot;TOGGLE_ZOOM&quot;:&quot;Zoomstufe umschalten&quot;,&quot;TOGGLE_THUMBS&quot;:&quot;Miniaturansichten ein-\\\/ausblenden&quot;,&quot;TOGGLE_SLIDESHOW&quot;:&quot;Diashow ein-\\\/ausschalten&quot;,&quot;TOGGLE_FULLSCREEN&quot;:&quot;Vollbildmodus umschalten&quot;},&quot;Images&quot;:{&quot;Panzoom&quot;:{&quot;maxScale&quot;:2}},&quot;mainClass&quot;:&quot;modula-fancybox-container modula-lightbox-jtg-18772&quot;,&quot;Html&quot;:{&quot;videoAutoplay&quot;:0,&quot;videoTpl&quot;:&quot;&lt;video class=\\&quot;fancybox__html5video\\&quot; controls muted playsinline controlsList controlsList=\\&quot;nodownload\\&quot; poster=\\&quot;{{poster}}\\&quot; src=\\&quot;{{src}}\\&quot; type=\\&quot;{{format}}\\&quot; &gt;  Sorry, your browser doesn&#039;t support embedded videos, &lt;a href=\\&quot;{{src}}\\&quot;&gt; download &lt;\\\/a&gt; and watch with your favorite video player! &lt;\\\/video&gt;&quot;}},&quot;inView&quot;:false,&quot;email_subject&quot;:&quot;Check out this awesome image !!&quot;,&quot;email_message&quot;:&quot;Here is the link to the image : %%image_link%% and this is the link to the gallery : %%gallery_link%%&quot;,&quot;grid_type&quot;:&quot;automatic&quot;,&quot;rowHeight&quot;:250,&quot;lastRow&quot;:&quot;justify&quot;,&quot;lightbox&quot;:&quot;fancybox&quot;}\">\n\n\t\n\t<div  class=\"modula-items grid-gallery\">\n\t\t<div class=\"modula-item effect-pufrobo\" >\n\t<div class=\"modula-item-overlay\"><\/div>\n\n\t<div class=\"modula-item-content\">\n\n\t\t<a data-image-id=\"18773\" role=\"button\" tabindex=\"0\" rel=\"jtg-18772\" data-caption=\"\" aria-label=\"Bilder in Lightbox \u00f6ffnen\" class=\"tile-inner modula-item-link\"><\/a><img loading=\"lazy\" decoding=\"async\" class=\"pic wp-image-18773\"  data-valign=\"middle\" data-halign=\"center\" alt=\"\" data-full=\"https:\/\/johanneum-lueneburg.de\/wordpress\/wp-content\/uploads\/2024\/05\/PXL_20240502_100249287.PORTRAIT.jpg\" title=\"PXL_20240502_100249287.PORTRAIT\" crop=\"\" width=\"300\" height=\"225\" src=\"https:\/\/johanneum-lueneburg.de\/wordpress\/wp-content\/uploads\/2024\/05\/PXL_20240502_100249287.PORTRAIT-300x225.jpg\" data-src=\"https:\/\/johanneum-lueneburg.de\/wordpress\/wp-content\/uploads\/2024\/05\/PXL_20240502_100249287.PORTRAIT-300x225.jpg\" data-caption=\"\" srcset=\"https:\/\/johanneum-lueneburg.de\/wordpress\/wp-content\/uploads\/2024\/05\/PXL_20240502_100249287.PORTRAIT-scaled.jpg 1600w, https:\/\/johanneum-lueneburg.de\/wordpress\/wp-content\/uploads\/2024\/05\/PXL_20240502_100249287.PORTRAIT-scaled-300x225.jpg 300w, https:\/\/johanneum-lueneburg.de\/wordpress\/wp-content\/uploads\/2024\/05\/PXL_20240502_100249287.PORTRAIT-1024x768.jpg 1024w, https:\/\/johanneum-lueneburg.de\/wordpress\/wp-content\/uploads\/2024\/05\/PXL_20240502_100249287.PORTRAIT-533x400.jpg 533w, https:\/\/johanneum-lueneburg.de\/wordpress\/wp-content\/uploads\/2024\/05\/PXL_20240502_100249287.PORTRAIT-155x116.jpg 155w\" sizes=\"auto, (max-width: 300px) 100vw, 300px\" \/>\n\t\t<div class=\"figc no-description\">\n\t\t\t<div class=\"figc-inner\">\n\t\t\t\t\t\t\t\t\t\t\t\t\t\t\t<\/div>\n\t\t<\/div>\n\n\t<\/div>\n\n<\/div><div class=\"modula-item effect-pufrobo\" >\n\t<div class=\"modula-item-overlay\"><\/div>\n\n\t<div class=\"modula-item-content\">\n\n\t\t<a data-image-id=\"18774\" role=\"button\" tabindex=\"0\" rel=\"jtg-18772\" data-caption=\"\" aria-label=\"Bilder in Lightbox \u00f6ffnen\" class=\"tile-inner modula-item-link\"><\/a><img loading=\"lazy\" decoding=\"async\" class=\"pic wp-image-18774\"  data-valign=\"middle\" data-halign=\"center\" alt=\"\" data-full=\"https:\/\/johanneum-lueneburg.de\/wordpress\/wp-content\/uploads\/2024\/05\/PXL_20240502_100124656.jpg\" title=\"PXL_20240502_100124656\" crop=\"\" width=\"225\" height=\"300\" src=\"https:\/\/johanneum-lueneburg.de\/wordpress\/wp-content\/uploads\/2024\/05\/PXL_20240502_100124656-225x300.jpg\" data-src=\"https:\/\/johanneum-lueneburg.de\/wordpress\/wp-content\/uploads\/2024\/05\/PXL_20240502_100124656-225x300.jpg\" data-caption=\"\" srcset=\"https:\/\/johanneum-lueneburg.de\/wordpress\/wp-content\/uploads\/2024\/05\/PXL_20240502_100124656-scaled.jpg 1200w, https:\/\/johanneum-lueneburg.de\/wordpress\/wp-content\/uploads\/2024\/05\/PXL_20240502_100124656-scaled-225x300.jpg 225w, https:\/\/johanneum-lueneburg.de\/wordpress\/wp-content\/uploads\/2024\/05\/PXL_20240502_100124656-768x1024.jpg 768w, https:\/\/johanneum-lueneburg.de\/wordpress\/wp-content\/uploads\/2024\/05\/PXL_20240502_100124656-300x400.jpg 300w, https:\/\/johanneum-lueneburg.de\/wordpress\/wp-content\/uploads\/2024\/05\/PXL_20240502_100124656-87x116.jpg 87w\" sizes=\"auto, (max-width: 225px) 100vw, 225px\" \/>\n\t\t<div class=\"figc no-description\">\n\t\t\t<div class=\"figc-inner\">\n\t\t\t\t\t\t\t\t\t\t\t\t\t\t\t<\/div>\n\t\t<\/div>\n\n\t<\/div>\n\n<\/div><div class=\"modula-item effect-pufrobo\" >\n\t<div class=\"modula-item-overlay\"><\/div>\n\n\t<div class=\"modula-item-content\">\n\n\t\t<a data-image-id=\"18775\" role=\"button\" tabindex=\"0\" rel=\"jtg-18772\" data-caption=\"\" aria-label=\"Bilder in Lightbox \u00f6ffnen\" class=\"tile-inner modula-item-link\"><\/a><img loading=\"lazy\" decoding=\"async\" class=\"pic wp-image-18775\"  data-valign=\"middle\" data-halign=\"center\" alt=\"\" data-full=\"https:\/\/johanneum-lueneburg.de\/wordpress\/wp-content\/uploads\/2024\/05\/PXL_20240502_100010166.jpg\" title=\"PXL_20240502_100010166\" crop=\"\" width=\"300\" height=\"225\" src=\"https:\/\/johanneum-lueneburg.de\/wordpress\/wp-content\/uploads\/2024\/05\/PXL_20240502_100010166-300x225.jpg\" data-src=\"https:\/\/johanneum-lueneburg.de\/wordpress\/wp-content\/uploads\/2024\/05\/PXL_20240502_100010166-300x225.jpg\" data-caption=\"\" srcset=\"https:\/\/johanneum-lueneburg.de\/wordpress\/wp-content\/uploads\/2024\/05\/PXL_20240502_100010166-scaled.jpg 1600w, https:\/\/johanneum-lueneburg.de\/wordpress\/wp-content\/uploads\/2024\/05\/PXL_20240502_100010166-scaled-300x225.jpg 300w, https:\/\/johanneum-lueneburg.de\/wordpress\/wp-content\/uploads\/2024\/05\/PXL_20240502_100010166-1024x768.jpg 1024w, https:\/\/johanneum-lueneburg.de\/wordpress\/wp-content\/uploads\/2024\/05\/PXL_20240502_100010166-533x400.jpg 533w, https:\/\/johanneum-lueneburg.de\/wordpress\/wp-content\/uploads\/2024\/05\/PXL_20240502_100010166-155x116.jpg 155w\" sizes=\"auto, (max-width: 300px) 100vw, 300px\" \/>\n\t\t<div class=\"figc no-description\">\n\t\t\t<div class=\"figc-inner\">\n\t\t\t\t\t\t\t\t\t\t\t\t\t\t\t<\/div>\n\t\t<\/div>\n\n\t<\/div>\n\n<\/div><div class=\"modula-item effect-pufrobo\" >\n\t<div class=\"modula-item-overlay\"><\/div>\n\n\t<div class=\"modula-item-content\">\n\n\t\t<a data-image-id=\"18776\" role=\"button\" tabindex=\"0\" rel=\"jtg-18772\" data-caption=\"\" aria-label=\"Bilder in Lightbox \u00f6ffnen\" class=\"tile-inner modula-item-link\"><\/a><img loading=\"lazy\" decoding=\"async\" class=\"pic wp-image-18776\"  data-valign=\"middle\" data-halign=\"center\" alt=\"\" data-full=\"https:\/\/johanneum-lueneburg.de\/wordpress\/wp-content\/uploads\/2024\/05\/PXL_20240502_100004849.jpg\" title=\"PXL_20240502_100004849\" crop=\"\" width=\"225\" height=\"300\" src=\"https:\/\/johanneum-lueneburg.de\/wordpress\/wp-content\/uploads\/2024\/05\/PXL_20240502_100004849-225x300.jpg\" data-src=\"https:\/\/johanneum-lueneburg.de\/wordpress\/wp-content\/uploads\/2024\/05\/PXL_20240502_100004849-225x300.jpg\" data-caption=\"\" srcset=\"https:\/\/johanneum-lueneburg.de\/wordpress\/wp-content\/uploads\/2024\/05\/PXL_20240502_100004849-scaled.jpg 1200w, https:\/\/johanneum-lueneburg.de\/wordpress\/wp-content\/uploads\/2024\/05\/PXL_20240502_100004849-scaled-225x300.jpg 225w, https:\/\/johanneum-lueneburg.de\/wordpress\/wp-content\/uploads\/2024\/05\/PXL_20240502_100004849-768x1024.jpg 768w, https:\/\/johanneum-lueneburg.de\/wordpress\/wp-content\/uploads\/2024\/05\/PXL_20240502_100004849-300x400.jpg 300w, https:\/\/johanneum-lueneburg.de\/wordpress\/wp-content\/uploads\/2024\/05\/PXL_20240502_100004849-87x116.jpg 87w\" sizes=\"auto, (max-width: 225px) 100vw, 225px\" \/>\n\t\t<div class=\"figc no-description\">\n\t\t\t<div class=\"figc-inner\">\n\t\t\t\t\t\t\t\t\t\t\t\t\t\t\t<\/div>\n\t\t<\/div>\n\n\t<\/div>\n\n<\/div><div class=\"modula-item effect-pufrobo\" >\n\t<div class=\"modula-item-overlay\"><\/div>\n\n\t<div class=\"modula-item-content\">\n\n\t\t<a data-image-id=\"18778\" role=\"button\" tabindex=\"0\" rel=\"jtg-18772\" data-caption=\"\" aria-label=\"Bilder in Lightbox \u00f6ffnen\" class=\"tile-inner modula-item-link\"><\/a><img loading=\"lazy\" decoding=\"async\" class=\"pic wp-image-18778\"  data-valign=\"middle\" data-halign=\"center\" alt=\"\" data-full=\"https:\/\/johanneum-lueneburg.de\/wordpress\/wp-content\/uploads\/2024\/05\/PXL_20240502_095936281.jpg\" title=\"PXL_20240502_095936281\" crop=\"\" width=\"225\" height=\"300\" src=\"https:\/\/johanneum-lueneburg.de\/wordpress\/wp-content\/uploads\/2024\/05\/PXL_20240502_095936281-225x300.jpg\" data-src=\"https:\/\/johanneum-lueneburg.de\/wordpress\/wp-content\/uploads\/2024\/05\/PXL_20240502_095936281-225x300.jpg\" data-caption=\"\" srcset=\"https:\/\/johanneum-lueneburg.de\/wordpress\/wp-content\/uploads\/2024\/05\/PXL_20240502_095936281-scaled.jpg 1200w, https:\/\/johanneum-lueneburg.de\/wordpress\/wp-content\/uploads\/2024\/05\/PXL_20240502_095936281-scaled-225x300.jpg 225w, https:\/\/johanneum-lueneburg.de\/wordpress\/wp-content\/uploads\/2024\/05\/PXL_20240502_095936281-768x1024.jpg 768w, https:\/\/johanneum-lueneburg.de\/wordpress\/wp-content\/uploads\/2024\/05\/PXL_20240502_095936281-300x400.jpg 300w, https:\/\/johanneum-lueneburg.de\/wordpress\/wp-content\/uploads\/2024\/05\/PXL_20240502_095936281-87x116.jpg 87w\" sizes=\"auto, (max-width: 225px) 100vw, 225px\" \/>\n\t\t<div class=\"figc no-description\">\n\t\t\t<div class=\"figc-inner\">\n\t\t\t\t\t\t\t\t\t\t\t\t\t\t\t<\/div>\n\t\t<\/div>\n\n\t<\/div>\n\n<\/div>\t\t\n\t<\/div>\n\n\t\n\t\n\t<script type=\"application\/ld+json\">\n\t{\n\t\t\"@context\": \"http:\/\/schema.org\",\n\t\t\"@type\"   : \"ImageGallery\",\n\t\t\"id\"      : \"https:\/\/johanneum-lueneburg.de\/wordpress\/2024\/05\/06\/kuenstlerisch-den-zukunftstag-reflektieren\/\",\n\t\t\"url\"     : \"https:\/\/johanneum-lueneburg.de\/wordpress\/2024\/05\/06\/kuenstlerisch-den-zukunftstag-reflektieren\/\"\n\t}\n\n\t<\/script>\n\n\t\n<\/div>\n\n<\/div>\n<\/div>\n<\/div>\n<\/div>\n<\/div>\n<\/div>\n<\/div>\n<\/div>\n<\/div>\n<\/div>\n<\/div>\n<\/div>\n<div class=\"react-scroll-to-bottom--css-qlala-79elbk h-full\">\n<div class=\"react-scroll-to-bottom--css-qlala-1n7m0yu\">\n<div class=\"flex flex-col pb-9 text-sm\">\n<div class=\"w-full text-token-text-primary\" data-testid=\"conversation-turn-3\">\n<div class=\"px-4 py-2 justify-center text-base md:gap-6 m-auto\">\n<div class=\"flex flex-1 text-base mx-auto gap-3 md:px-5 lg:px-1 xl:px-5 md:max-w-3xl lg:max-w-[40rem] xl:max-w-[48rem] group final-completion\">\n<div class=\"relative flex w-full flex-col lg:w-[calc(100%-115px)] agent-turn\">\n<div class=\"flex-col gap-1 md:gap-3\">\n<div class=\"flex flex-grow flex-col max-w-full\">\n<div class=\"min-h-[20px] text-message flex flex-col items-start gap-3 whitespace-pre-wrap break-words [.text-message+&amp;]:mt-5 overflow-x-auto\" data-message-author-role=\"assistant\" data-message-id=\"e675c29b-47ed-48eb-ad6e-5f045a65b0a6\">\n<section id=\"c755838\" class=\"c-section \">\n<div class=\"c-section__container-content container-fluid\">\n<div class=\"frame frame-default frame-type-text frame-layout-0\"><\/div>\n<\/div>\n<\/section>\n<p>&nbsp;<\/p>\n<\/div>\n<\/div>\n<\/div>\n<\/div>\n<\/div>\n<\/div>\n<\/div>\n<\/div>\n<\/div>\n<\/div>\n<\/div>\n","protected":false},"excerpt":{"rendered":"<p>In einem kreativen Kunstprojekt zur Reflexion des Zukunftstags, in Form einer Fotoreportage, wurden die Sch\u00fcler*innen dazu angeregt, ihre Eindr\u00fccke und Erlebnisse visuell festzuhalten und zu interpretieren. Dieses Projekt wurde von den Kunstlehrkr\u00e4ften geleitet und dauerte einen ganzen Tag. Dieser k\u00fcnstlerische Zugang erm\u00f6glicht eine vertiefte Auseinandersetzung mit den gemachten Erfahrungen und tr\u00e4gt zur individuellen Reflexion bei&#8230;.<\/p>\n","protected":false},"author":5,"featured_media":18777,"comment_status":"closed","ping_status":"closed","sticky":false,"template":"","format":"standard","meta":{"footnotes":""},"categories":[14],"tags":[],"class_list":["post-18771","post","type-post","status-publish","format-standard","has-post-thumbnail","hentry","category-nachrichten"],"_links":{"self":[{"href":"https:\/\/johanneum-lueneburg.de\/wordpress\/wp-json\/wp\/v2\/posts\/18771","targetHints":{"allow":["GET"]}}],"collection":[{"href":"https:\/\/johanneum-lueneburg.de\/wordpress\/wp-json\/wp\/v2\/posts"}],"about":[{"href":"https:\/\/johanneum-lueneburg.de\/wordpress\/wp-json\/wp\/v2\/types\/post"}],"author":[{"embeddable":true,"href":"https:\/\/johanneum-lueneburg.de\/wordpress\/wp-json\/wp\/v2\/users\/5"}],"replies":[{"embeddable":true,"href":"https:\/\/johanneum-lueneburg.de\/wordpress\/wp-json\/wp\/v2\/comments?post=18771"}],"version-history":[{"count":4,"href":"https:\/\/johanneum-lueneburg.de\/wordpress\/wp-json\/wp\/v2\/posts\/18771\/revisions"}],"predecessor-version":[{"id":18784,"href":"https:\/\/johanneum-lueneburg.de\/wordpress\/wp-json\/wp\/v2\/posts\/18771\/revisions\/18784"}],"wp:featuredmedia":[{"embeddable":true,"href":"https:\/\/johanneum-lueneburg.de\/wordpress\/wp-json\/wp\/v2\/media\/18777"}],"wp:attachment":[{"href":"https:\/\/johanneum-lueneburg.de\/wordpress\/wp-json\/wp\/v2\/media?parent=18771"}],"wp:term":[{"taxonomy":"category","embeddable":true,"href":"https:\/\/johanneum-lueneburg.de\/wordpress\/wp-json\/wp\/v2\/categories?post=18771"},{"taxonomy":"post_tag","embeddable":true,"href":"https:\/\/johanneum-lueneburg.de\/wordpress\/wp-json\/wp\/v2\/tags?post=18771"}],"curies":[{"name":"wp","href":"https:\/\/api.w.org\/{rel}","templated":true}]}}